{"id":932,"date":"2020-03-10T18:48:07","date_gmt":"2020-03-10T18:48:07","guid":{"rendered":"http:\/\/www.lourdesverein.ch\/blog\/?p=932"},"modified":"2020-03-11T17:41:02","modified_gmt":"2020-03-11T17:41:02","slug":"42-hv-des-lourdespilgerverein-sg-und-umgebung-vom-8-maerz-2020","status":"publish","type":"post","link":"https:\/\/www.lourdesverein.ch\/blog\/42-hv-des-lourdespilgerverein-sg-und-umgebung-vom-8-maerz-2020\/","title":{"rendered":"42. HV des Lourdespilgerverein SG und Umgebung vom 8. M\u00e4rz 2020"},"content":{"rendered":"<p style=\"text-align:center\">In der Kirche Santa Maria im Neudorf, St. Gallen durften wir eine hl. Messe feiern. Im Anschluss genossen wir einen Ap\u00e9ro mit feinen Sandwich und konnten uns austauschen.Die HV hat unsere Pr\u00e4sidentin gut gemeistert. Sie musste uns leider mitteilen, dass die diesj\u00e4hrige Interdi\u00f6zesane Deutschschweizer Lourdeswallfahrt wegen des Virus nicht stattfinden wird.Unser diesj\u00e4hriger Ausflug nach Jakobsbad wird am 19. August 2020 durchgef\u00fchrt.Herzlichen Dank f\u00fcr das Teilnehmen an unserer Hauptversammlung.Es gr\u00fcsst Sie der Vorstand.<\/p>\n\n\n\n<figure class=\"wp-block-image\"><img loading=\"lazy\" decoding=\"async\" width=\"768\" height=\"1024\" src=\"http:\/\/www.lourdesverein.ch\/blog\/wp-content\/uploads\/2020\/03\/DSC00818-768x1024.jpg\" alt=\"\" class=\"wp-image-935\" srcset=\"https:\/\/www.lourdesverein.ch\/blog\/wp-content\/uploads\/2020\/03\/DSC00818.jpg 768w, https:\/\/www.lourdesverein.ch\/blog\/wp-content\/uploads\/2020\/03\/DSC00818-225x300.jpg 225w\" sizes=\"auto, (max-width: 768px) 100vw, 768px\" \/><\/figure>\n\n\n\n<figure class=\"wp-block-image\"><img loading=\"lazy\" decoding=\"async\" width=\"1024\" height=\"768\" src=\"http:\/\/www.lourdesverein.ch\/blog\/wp-content\/uploads\/2020\/03\/DSC00821-1024x768.jpg\" alt=\"\" class=\"wp-image-936\" srcset=\"https:\/\/www.lourdesverein.ch\/blog\/wp-content\/uploads\/2020\/03\/DSC00821.jpg 1024w, https:\/\/www.lourdesverein.ch\/blog\/wp-content\/uploads\/2020\/03\/DSC00821-300x225.jpg 300w, https:\/\/www.lourdesverein.ch\/blog\/wp-content\/uploads\/2020\/03\/DSC00821-768x576.jpg 768w, https:\/\/www.lourdesverein.ch\/blog\/wp-content\/uploads\/2020\/03\/DSC00821-400x300.jpg 400w\" sizes=\"auto, (max-width: 1024px) 100vw, 1024px\" \/><\/figure>\n\n\n\n<figure class=\"wp-block-image\"><img loading=\"lazy\" decoding=\"async\" width=\"768\" height=\"1024\" src=\"http:\/\/www.lourdesverein.ch\/blog\/wp-content\/uploads\/2020\/03\/DSC00823-768x1024.jpg\" alt=\"\" class=\"wp-image-937\" srcset=\"https:\/\/www.lourdesverein.ch\/blog\/wp-content\/uploads\/2020\/03\/DSC00823.jpg 768w, https:\/\/www.lourdesverein.ch\/blog\/wp-content\/uploads\/2020\/03\/DSC00823-225x300.jpg 225w\" sizes=\"auto, (max-width: 768px) 100vw, 768px\" \/><\/figure>\n\n\n\n<figure class=\"wp-block-image\"><img loading=\"lazy\" decoding=\"async\" width=\"768\" height=\"1024\" src=\"http:\/\/www.lourdesverein.ch\/blog\/wp-content\/uploads\/2020\/03\/DSC00824-768x1024.jpg\" alt=\"\" class=\"wp-image-938\" srcset=\"https:\/\/www.lourdesverein.ch\/blog\/wp-content\/uploads\/2020\/03\/DSC00824.jpg 768w, https:\/\/www.lourdesverein.ch\/blog\/wp-content\/uploads\/2020\/03\/DSC00824-225x300.jpg 225w\" sizes=\"auto, (max-width: 768px) 100vw, 768px\" \/><\/figure>\n\n\n\n<figure class=\"wp-block-image\"><img loading=\"lazy\" decoding=\"async\" width=\"768\" height=\"1024\" src=\"http:\/\/www.lourdesverein.ch\/blog\/wp-content\/uploads\/2020\/03\/DSC00825-768x1024.jpg\" alt=\"\" class=\"wp-image-939\" srcset=\"https:\/\/www.lourdesverein.ch\/blog\/wp-content\/uploads\/2020\/03\/DSC00825.jpg 768w, https:\/\/www.lourdesverein.ch\/blog\/wp-content\/uploads\/2020\/03\/DSC00825-225x300.jpg 225w\" sizes=\"auto, (max-width: 768px) 100vw, 768px\" \/><\/figure>\n\n\n\n<figure class=\"wp-block-image\"><img loading=\"lazy\" decoding=\"async\" width=\"768\" height=\"1024\" src=\"http:\/\/www.lourdesverein.ch\/blog\/wp-content\/uploads\/2020\/03\/DSC00827-768x1024.jpg\" alt=\"\" class=\"wp-image-940\" srcset=\"https:\/\/www.lourdesverein.ch\/blog\/wp-content\/uploads\/2020\/03\/DSC00827.jpg 768w, https:\/\/www.lourdesverein.ch\/blog\/wp-content\/uploads\/2020\/03\/DSC00827-225x300.jpg 225w\" sizes=\"auto, (max-width: 768px) 100vw, 768px\" \/><\/figure>\n\n\n\n<figure class=\"wp-block-image\"><img loading=\"lazy\" decoding=\"async\" width=\"768\" height=\"1024\" src=\"http:\/\/www.lourdesverein.ch\/blog\/wp-content\/uploads\/2020\/03\/DSC00828-768x1024.jpg\" alt=\"\" class=\"wp-image-941\" srcset=\"https:\/\/www.lourdesverein.ch\/blog\/wp-content\/uploads\/2020\/03\/DSC00828.jpg 768w, https:\/\/www.lourdesverein.ch\/blog\/wp-content\/uploads\/2020\/03\/DSC00828-225x300.jpg 225w\" sizes=\"auto, (max-width: 768px) 100vw, 768px\" \/><\/figure>\n\n\n\n<figure class=\"wp-block-image\"><img loading=\"lazy\" decoding=\"async\" width=\"768\" height=\"1024\" src=\"http:\/\/www.lourdesverein.ch\/blog\/wp-content\/uploads\/2020\/03\/DSC00829-768x1024.jpg\" alt=\"\" class=\"wp-image-942\" srcset=\"https:\/\/www.lourdesverein.ch\/blog\/wp-content\/uploads\/2020\/03\/DSC00829.jpg 768w, https:\/\/www.lourdesverein.ch\/blog\/wp-content\/uploads\/2020\/03\/DSC00829-225x300.jpg 225w\" sizes=\"auto, (max-width: 768px) 100vw, 768px\" \/><\/figure>\n\n\n\n<figure class=\"wp-block-image\"><img loading=\"lazy\" decoding=\"async\" width=\"768\" height=\"1024\" src=\"http:\/\/www.lourdesverein.ch\/blog\/wp-content\/uploads\/2020\/03\/DSC00830-768x1024.jpg\" alt=\"\" class=\"wp-image-943\" srcset=\"https:\/\/www.lourdesverein.ch\/blog\/wp-content\/uploads\/2020\/03\/DSC00830.jpg 768w, https:\/\/www.lourdesverein.ch\/blog\/wp-content\/uploads\/2020\/03\/DSC00830-225x300.jpg 225w\" sizes=\"auto, (max-width: 768px) 100vw, 768px\" \/><\/figure>\n\n\n\n<figure class=\"wp-block-image\"><img loading=\"lazy\" decoding=\"async\" width=\"768\" height=\"1024\" src=\"http:\/\/www.lourdesverein.ch\/blog\/wp-content\/uploads\/2020\/03\/DSC00831-768x1024.jpg\" alt=\"\" class=\"wp-image-944\" srcset=\"https:\/\/www.lourdesverein.ch\/blog\/wp-content\/uploads\/2020\/03\/DSC00831.jpg 768w, https:\/\/www.lourdesverein.ch\/blog\/wp-content\/uploads\/2020\/03\/DSC00831-225x300.jpg 225w\" sizes=\"auto, (max-width: 768px) 100vw, 768px\" \/><\/figure>\n\n\n\n<figure class=\"wp-block-image\"><img loading=\"lazy\" decoding=\"async\" width=\"1024\" height=\"768\" src=\"http:\/\/www.lourdesverein.ch\/blog\/wp-content\/uploads\/2020\/03\/DSC00832-1024x768.jpg\" alt=\"\" class=\"wp-image-945\" srcset=\"https:\/\/www.lourdesverein.ch\/blog\/wp-content\/uploads\/2020\/03\/DSC00832.jpg 1024w, https:\/\/www.lourdesverein.ch\/blog\/wp-content\/uploads\/2020\/03\/DSC00832-300x225.jpg 300w, https:\/\/www.lourdesverein.ch\/blog\/wp-content\/uploads\/2020\/03\/DSC00832-768x576.jpg 768w, https:\/\/www.lourdesverein.ch\/blog\/wp-content\/uploads\/2020\/03\/DSC00832-400x300.jpg 400w\" sizes=\"auto, (max-width: 1024px) 100vw, 1024px\" \/><\/figure>\n\n\n\n<figure class=\"wp-block-image\"><img loading=\"lazy\" decoding=\"async\" width=\"1024\" height=\"768\" src=\"http:\/\/www.lourdesverein.ch\/blog\/wp-content\/uploads\/2020\/03\/DSC00833-1024x768.jpg\" alt=\"\" class=\"wp-image-946\" srcset=\"https:\/\/www.lourdesverein.ch\/blog\/wp-content\/uploads\/2020\/03\/DSC00833.jpg 1024w, https:\/\/www.lourdesverein.ch\/blog\/wp-content\/uploads\/2020\/03\/DSC00833-300x225.jpg 300w, https:\/\/www.lourdesverein.ch\/blog\/wp-content\/uploads\/2020\/03\/DSC00833-768x576.jpg 768w, https:\/\/www.lourdesverein.ch\/blog\/wp-content\/uploads\/2020\/03\/DSC00833-400x300.jpg 400w\" sizes=\"auto, (max-width: 1024px) 100vw, 1024px\" \/><\/figure>\n\n\n\n<figure class=\"wp-block-image\"><img loading=\"lazy\" decoding=\"async\" width=\"1024\" height=\"768\" src=\"http:\/\/www.lourdesverein.ch\/blog\/wp-content\/uploads\/2020\/03\/DSC00834-1024x768.jpg\" alt=\"\" class=\"wp-image-947\" srcset=\"https:\/\/www.lourdesverein.ch\/blog\/wp-content\/uploads\/2020\/03\/DSC00834.jpg 1024w, https:\/\/www.lourdesverein.ch\/blog\/wp-content\/uploads\/2020\/03\/DSC00834-300x225.jpg 300w, https:\/\/www.lourdesverein.ch\/blog\/wp-content\/uploads\/2020\/03\/DSC00834-768x576.jpg 768w, https:\/\/www.lourdesverein.ch\/blog\/wp-content\/uploads\/2020\/03\/DSC00834-400x300.jpg 400w\" sizes=\"auto, (max-width: 1024px) 100vw, 1024px\" \/><\/figure>","protected":false},"excerpt":{"rendered":"<p>In der Kirche Santa Maria im Neudorf, St. Gallen durften wir eine hl. Messe feiern. Im Anschluss genossen wir einen Ap\u00e9ro mit feinen Sandwich und konnten uns austauschen.Die HV hat unsere Pr\u00e4sidentin gut gemeistert. Sie musste uns leider mitteilen, dass &hellip; <a href=\"https:\/\/www.lourdesverein.ch\/blog\/42-hv-des-lourdespilgerverein-sg-und-umgebung-vom-8-maerz-2020\/\">Weiterlesen <span class=\"meta-nav\">&rarr;<\/span><\/a><\/p>\n","protected":false},"author":2,"featured_media":0,"comment_status":"closed","ping_status":"closed","sticky":false,"template":"","format":"standard","meta":{"footnotes":""},"categories":[1],"tags":[],"class_list":["post-932","post","type-post","status-publish","format-standard","hentry","category-uncategorized"],"_links":{"self":[{"href":"https:\/\/www.lourdesverein.ch\/blog\/wp-json\/wp\/v2\/posts\/932","targetHints":{"allow":["GET"]}}],"collection":[{"href":"https:\/\/www.lourdesverein.ch\/blog\/wp-json\/wp\/v2\/posts"}],"about":[{"href":"https:\/\/www.lourdesverein.ch\/blog\/wp-json\/wp\/v2\/types\/post"}],"author":[{"embeddable":true,"href":"https:\/\/www.lourdesverein.ch\/blog\/wp-json\/wp\/v2\/users\/2"}],"replies":[{"embeddable":true,"href":"https:\/\/www.lourdesverein.ch\/blog\/wp-json\/wp\/v2\/comments?post=932"}],"version-history":[{"count":4,"href":"https:\/\/www.lourdesverein.ch\/blog\/wp-json\/wp\/v2\/posts\/932\/revisions"}],"predecessor-version":[{"id":979,"href":"https:\/\/www.lourdesverein.ch\/blog\/wp-json\/wp\/v2\/posts\/932\/revisions\/979"}],"wp:attachment":[{"href":"https:\/\/www.lourdesverein.ch\/blog\/wp-json\/wp\/v2\/media?parent=932"}],"wp:term":[{"taxonomy":"category","embeddable":true,"href":"https:\/\/www.lourdesverein.ch\/blog\/wp-json\/wp\/v2\/categories?post=932"},{"taxonomy":"post_tag","embeddable":true,"href":"https:\/\/www.lourdesverein.ch\/blog\/wp-json\/wp\/v2\/tags?post=932"}],"curies":[{"name":"wp","href":"https:\/\/api.w.org\/{rel}","templated":true}]}}